{"id":1454,"date":"2025-05-20T22:51:39","date_gmt":"2025-05-20T20:51:39","guid":{"rendered":"https:\/\/carreras.uleam.edu.ec\/carrera-trabajo-social-anuatse\/?p=1454"},"modified":"2025-05-20T22:52:44","modified_gmt":"2025-05-20T20:52:44","slug":"dra-betti-del-cisne-reyes-masa-mgrt-universidad-nacional-de-loja-unl","status":"publish","type":"post","link":"https:\/\/carreras.uleam.edu.ec\/carrera-trabajo-social-anuatse\/2025\/05\/20\/dra-betti-del-cisne-reyes-masa-mgrt-universidad-nacional-de-loja-unl\/","title":{"rendered":"Dra. Betti Del Cisne Reyes Masa, Mgrt \u2013 Universidad Nacional de Loja \u2013 UNL"},"content":{"rendered":"\n<p>Doctora en Trabajo Social y Mag\u00edster en Desarrollo Comunitario, con m\u00e1s de 20 a\u00f1os de experiencia en docencia universitaria. Actualmente, es Directora de la Carrera de Trabajo Social en la Universidad Nacional de Loja e investigadora en proyectos sobre vulnerabilidad social y violencia de g\u00e9nero en el sur de Ecuador. Autora de libros y art\u00edculos cient\u00edficos en tem\u00e1ticas como derechos humanos, violencia intrafamiliar, educaci\u00f3n inclusiva y calidad de vida. Se encuentra en formaci\u00f3n doctoral en Educaci\u00f3n e Investigaci\u00f3n.<\/p>\n\n\n\n<p><\/p>\n","protected":false},"excerpt":{"rendered":"<p>Doctora en Trabajo Social y Mag\u00edster en Desarrollo Comunitario, con m\u00e1s de 20 a\u00f1os de experiencia en docencia universitaria. Actualmente, es Directora de la Carrera de Trabajo Social en la Universidad Nacional de Loja e investigadora en proyectos sobre vulnerabilidad social y violencia de g\u00e9nero en el sur de Ecuador. Autora de libros y art\u00edculos [&hellip;]<\/p>\n","protected":false},"author":7,"featured_media":1259,"comment_status":"open","ping_status":"open","sticky":false,"template":"","format":"standard","meta":{"_acf_changed":false,"footnotes":""},"categories":[21,23],"tags":[],"class_list":["post-1454","post","type-post","status-publish","format-standard","has-post-thumbnail","hentry","category-miembros","category-unl"],"acf":[],"_links":{"self":[{"href":"https:\/\/carreras.uleam.edu.ec\/carrera-trabajo-social-anuatse\/wp-json\/wp\/v2\/posts\/1454","targetHints":{"allow":["GET"]}}],"collection":[{"href":"https:\/\/carreras.uleam.edu.ec\/carrera-trabajo-social-anuatse\/wp-json\/wp\/v2\/posts"}],"about":[{"href":"https:\/\/carreras.uleam.edu.ec\/carrera-trabajo-social-anuatse\/wp-json\/wp\/v2\/types\/post"}],"author":[{"embeddable":true,"href":"https:\/\/carreras.uleam.edu.ec\/carrera-trabajo-social-anuatse\/wp-json\/wp\/v2\/users\/7"}],"replies":[{"embeddable":true,"href":"https:\/\/carreras.uleam.edu.ec\/carrera-trabajo-social-anuatse\/wp-json\/wp\/v2\/comments?post=1454"}],"version-history":[{"count":1,"href":"https:\/\/carreras.uleam.edu.ec\/carrera-trabajo-social-anuatse\/wp-json\/wp\/v2\/posts\/1454\/revisions"}],"predecessor-version":[{"id":1455,"href":"https:\/\/carreras.uleam.edu.ec\/carrera-trabajo-social-anuatse\/wp-json\/wp\/v2\/posts\/1454\/revisions\/1455"}],"wp:featuredmedia":[{"embeddable":true,"href":"https:\/\/carreras.uleam.edu.ec\/carrera-trabajo-social-anuatse\/wp-json\/wp\/v2\/media\/1259"}],"wp:attachment":[{"href":"https:\/\/carreras.uleam.edu.ec\/carrera-trabajo-social-anuatse\/wp-json\/wp\/v2\/media?parent=1454"}],"wp:term":[{"taxonomy":"category","embeddable":true,"href":"https:\/\/carreras.uleam.edu.ec\/carrera-trabajo-social-anuatse\/wp-json\/wp\/v2\/categories?post=1454"},{"taxonomy":"post_tag","embeddable":true,"href":"https:\/\/carreras.uleam.edu.ec\/carrera-trabajo-social-anuatse\/wp-json\/wp\/v2\/tags?post=1454"}],"curies":[{"name":"wp","href":"https:\/\/api.w.org\/{rel}","templated":true}]}}