{"id":1456,"date":"2025-05-20T22:54:05","date_gmt":"2025-05-20T20:54:05","guid":{"rendered":"https:\/\/carreras.uleam.edu.ec\/carrera-trabajo-social-anuatse\/?p=1456"},"modified":"2025-05-20T22:54:07","modified_gmt":"2025-05-20T20:54:07","slug":"lcdo-fabian-menendez-menendez-mg-universidad-tecnica-de-manabi-utm","status":"publish","type":"post","link":"https:\/\/carreras.uleam.edu.ec\/carrera-trabajo-social-anuatse\/2025\/05\/20\/lcdo-fabian-menendez-menendez-mg-universidad-tecnica-de-manabi-utm\/","title":{"rendered":"Lcdo Fabian Menendez Menendez, Mg. \u2013 Universidad T\u00e9cnica de Manab\u00ed \u2013 UTM"},"content":{"rendered":"\n<p>Vicedecano de Trabajo Social. Universidad T\u00e9cnica de Manab\u00ed, 23 a\u00f1os de impartir docencia y 8 a\u00f1os de gesti\u00f3n acad\u00e9mica, profesor investigador de la facultad de ciencias human\u00edsticas y sociales, labor\u00f3 como coordinador del departamento de ciencias sociales y del comportamiento, miembro de la red de investigadores de Trabajo Social -RITSE- y del grupo Sociedad Intervenci\u00f3n y Bienestar SOCIEDINB<\/p>\n","protected":false},"excerpt":{"rendered":"<p>Vicedecano de Trabajo Social. Universidad T\u00e9cnica de Manab\u00ed, 23 a\u00f1os de impartir docencia y 8 a\u00f1os de gesti\u00f3n acad\u00e9mica, profesor investigador de la facultad de ciencias human\u00edsticas y sociales, labor\u00f3 como coordinador del departamento de ciencias sociales y del comportamiento, miembro de la red de investigadores de Trabajo Social -RITSE- y del grupo Sociedad Intervenci\u00f3n [&hellip;]<\/p>\n","protected":false},"author":7,"featured_media":1278,"comment_status":"open","ping_status":"open","sticky":false,"template":"","format":"standard","meta":{"_acf_changed":false,"footnotes":""},"categories":[21,24],"tags":[],"class_list":["post-1456","post","type-post","status-publish","format-standard","has-post-thumbnail","hentry","category-miembros","category-utm"],"acf":[],"_links":{"self":[{"href":"https:\/\/carreras.uleam.edu.ec\/carrera-trabajo-social-anuatse\/wp-json\/wp\/v2\/posts\/1456","targetHints":{"allow":["GET"]}}],"collection":[{"href":"https:\/\/carreras.uleam.edu.ec\/carrera-trabajo-social-anuatse\/wp-json\/wp\/v2\/posts"}],"about":[{"href":"https:\/\/carreras.uleam.edu.ec\/carrera-trabajo-social-anuatse\/wp-json\/wp\/v2\/types\/post"}],"author":[{"embeddable":true,"href":"https:\/\/carreras.uleam.edu.ec\/carrera-trabajo-social-anuatse\/wp-json\/wp\/v2\/users\/7"}],"replies":[{"embeddable":true,"href":"https:\/\/carreras.uleam.edu.ec\/carrera-trabajo-social-anuatse\/wp-json\/wp\/v2\/comments?post=1456"}],"version-history":[{"count":1,"href":"https:\/\/carreras.uleam.edu.ec\/carrera-trabajo-social-anuatse\/wp-json\/wp\/v2\/posts\/1456\/revisions"}],"predecessor-version":[{"id":1457,"href":"https:\/\/carreras.uleam.edu.ec\/carrera-trabajo-social-anuatse\/wp-json\/wp\/v2\/posts\/1456\/revisions\/1457"}],"wp:featuredmedia":[{"embeddable":true,"href":"https:\/\/carreras.uleam.edu.ec\/carrera-trabajo-social-anuatse\/wp-json\/wp\/v2\/media\/1278"}],"wp:attachment":[{"href":"https:\/\/carreras.uleam.edu.ec\/carrera-trabajo-social-anuatse\/wp-json\/wp\/v2\/media?parent=1456"}],"wp:term":[{"taxonomy":"category","embeddable":true,"href":"https:\/\/carreras.uleam.edu.ec\/carrera-trabajo-social-anuatse\/wp-json\/wp\/v2\/categories?post=1456"},{"taxonomy":"post_tag","embeddable":true,"href":"https:\/\/carreras.uleam.edu.ec\/carrera-trabajo-social-anuatse\/wp-json\/wp\/v2\/tags?post=1456"}],"curies":[{"name":"wp","href":"https:\/\/api.w.org\/{rel}","templated":true}]}}