{"id":1462,"date":"2025-05-20T22:56:59","date_gmt":"2025-05-20T20:56:59","guid":{"rendered":"https:\/\/carreras.uleam.edu.ec\/carrera-trabajo-social-anuatse\/?p=1462"},"modified":"2025-05-20T23:28:37","modified_gmt":"2025-05-20T21:28:37","slug":"lcdo-efrain-enrique-vasquez-alvarado-mg-universidad-estatal-de-milagro-unemi","status":"publish","type":"post","link":"https:\/\/carreras.uleam.edu.ec\/carrera-trabajo-social-anuatse\/2025\/05\/20\/lcdo-efrain-enrique-vasquez-alvarado-mg-universidad-estatal-de-milagro-unemi\/","title":{"rendered":"Lcdo. Efrain Enrique V\u00e1squez Alvarado, Mg- Universidad Estatal de Milagro \u2013 UNEMI"},"content":{"rendered":"\n<p>De profesi\u00f3n Master en Administraci\u00f3n de Empresas, y Mag\u00edster en Intervenci\u00f3n Social de la Universidad de La Rioja de Espa\u00f1a. Con una s\u00f3lida trayectoria profesional, ha desempe\u00f1ado roles clave en el \u00e1mbito acad\u00e9mico y laboral.<br>Durante 8 a\u00f1os, se destac\u00f3 como Jefe de Activos en la UNEMI, donde demostr\u00f3 su capacidad de liderazgo y gesti\u00f3n eficiente de recursos.<\/p>\n\n\n\n<p>Cuenta con 6 a\u00f1os de experiencia como docente titular en la UNEMI. En la actualidad, se desempe\u00f1a como Director de Carrera de Trabajo Social semipresencial, demostrando su compromiso con la formaci\u00f3n acad\u00e9mica y su pasi\u00f3n por contribuir al desarrollo educativo de los estudiantes.<br>Con una formaci\u00f3n acad\u00e9mica s\u00f3lida y una amplia experiencia en roles de liderazgo y docencia, este profesional ha consolidado una carrera en la que combina su pasi\u00f3n por la educaci\u00f3n, la gesti\u00f3n y la intervenci\u00f3n social para impactar de manera positiva en la sociedad y en el \u00e1mbito laboral.<\/p>\n","protected":false},"excerpt":{"rendered":"<p>De profesi\u00f3n Master en Administraci\u00f3n de Empresas, y Mag\u00edster en Intervenci\u00f3n Social de la Universidad de La Rioja de Espa\u00f1a. Con una s\u00f3lida trayectoria profesional, ha desempe\u00f1ado roles clave en el \u00e1mbito acad\u00e9mico y laboral.Durante 8 a\u00f1os, se destac\u00f3 como Jefe de Activos en la UNEMI, donde demostr\u00f3 su capacidad de liderazgo y gesti\u00f3n eficiente [&hellip;]<\/p>\n","protected":false},"author":7,"featured_media":1489,"comment_status":"open","ping_status":"open","sticky":false,"template":"","format":"standard","meta":{"_acf_changed":false,"footnotes":""},"categories":[21,25],"tags":[],"class_list":["post-1462","post","type-post","status-publish","format-standard","has-post-thumbnail","hentry","category-miembros","category-unemi"],"acf":[],"_links":{"self":[{"href":"https:\/\/carreras.uleam.edu.ec\/carrera-trabajo-social-anuatse\/wp-json\/wp\/v2\/posts\/1462","targetHints":{"allow":["GET"]}}],"collection":[{"href":"https:\/\/carreras.uleam.edu.ec\/carrera-trabajo-social-anuatse\/wp-json\/wp\/v2\/posts"}],"about":[{"href":"https:\/\/carreras.uleam.edu.ec\/carrera-trabajo-social-anuatse\/wp-json\/wp\/v2\/types\/post"}],"author":[{"embeddable":true,"href":"https:\/\/carreras.uleam.edu.ec\/carrera-trabajo-social-anuatse\/wp-json\/wp\/v2\/users\/7"}],"replies":[{"embeddable":true,"href":"https:\/\/carreras.uleam.edu.ec\/carrera-trabajo-social-anuatse\/wp-json\/wp\/v2\/comments?post=1462"}],"version-history":[{"count":1,"href":"https:\/\/carreras.uleam.edu.ec\/carrera-trabajo-social-anuatse\/wp-json\/wp\/v2\/posts\/1462\/revisions"}],"predecessor-version":[{"id":1463,"href":"https:\/\/carreras.uleam.edu.ec\/carrera-trabajo-social-anuatse\/wp-json\/wp\/v2\/posts\/1462\/revisions\/1463"}],"wp:featuredmedia":[{"embeddable":true,"href":"https:\/\/carreras.uleam.edu.ec\/carrera-trabajo-social-anuatse\/wp-json\/wp\/v2\/media\/1489"}],"wp:attachment":[{"href":"https:\/\/carreras.uleam.edu.ec\/carrera-trabajo-social-anuatse\/wp-json\/wp\/v2\/media?parent=1462"}],"wp:term":[{"taxonomy":"category","embeddable":true,"href":"https:\/\/carreras.uleam.edu.ec\/carrera-trabajo-social-anuatse\/wp-json\/wp\/v2\/categories?post=1462"},{"taxonomy":"post_tag","embeddable":true,"href":"https:\/\/carreras.uleam.edu.ec\/carrera-trabajo-social-anuatse\/wp-json\/wp\/v2\/tags?post=1462"}],"curies":[{"name":"wp","href":"https:\/\/api.w.org\/{rel}","templated":true}]}}