{"id":1464,"date":"2025-05-20T22:58:25","date_gmt":"2025-05-20T20:58:25","guid":{"rendered":"https:\/\/carreras.uleam.edu.ec\/carrera-trabajo-social-anuatse\/?p=1464"},"modified":"2025-05-20T23:30:45","modified_gmt":"2025-05-20T21:30:45","slug":"lcda-viviana-fidencia-naranjo-ruiz-mg-universidad-tecnica-de-ambato-uta","status":"publish","type":"post","link":"https:\/\/carreras.uleam.edu.ec\/carrera-trabajo-social-anuatse\/2025\/05\/20\/lcda-viviana-fidencia-naranjo-ruiz-mg-universidad-tecnica-de-ambato-uta\/","title":{"rendered":"Lcda. Viviana Fidencia Naranjo Ruiz, Mg. \u2013 Universidad T\u00e9cnica de Ambato \u2013 UTA"},"content":{"rendered":"\n<p>Docente y coordinadora de la Carrera de Trabajo Social Universidad T\u00e9cnica de Ambato participante en proyectos de investigaci\u00f3n, publicaci\u00f3n de art\u00edculos, ex miembro directivo de Anuatse, fui Directora Acad\u00e9mica Administrativa de Maestr\u00edas de Trabajo Social, tutora proyectos de titulaci\u00f3n, he sido docente tutora de practicas y vinculaci\u00f3n con la sociedad,<\/p>\n\n\n\n<p><\/p>\n","protected":false},"excerpt":{"rendered":"<p>Docente y coordinadora de la Carrera de Trabajo Social Universidad T\u00e9cnica de Ambato participante en proyectos de investigaci\u00f3n, publicaci\u00f3n de art\u00edculos, ex miembro directivo de Anuatse, fui Directora Acad\u00e9mica Administrativa de Maestr\u00edas de Trabajo Social, tutora proyectos de titulaci\u00f3n, he sido docente tutora de practicas y vinculaci\u00f3n con la sociedad,<\/p>\n","protected":false},"author":7,"featured_media":1490,"comment_status":"open","ping_status":"open","sticky":false,"template":"","format":"standard","meta":{"_acf_changed":false,"footnotes":""},"categories":[21,26],"tags":[],"class_list":["post-1464","post","type-post","status-publish","format-standard","has-post-thumbnail","hentry","category-miembros","category-uta"],"acf":[],"_links":{"self":[{"href":"https:\/\/carreras.uleam.edu.ec\/carrera-trabajo-social-anuatse\/wp-json\/wp\/v2\/posts\/1464","targetHints":{"allow":["GET"]}}],"collection":[{"href":"https:\/\/carreras.uleam.edu.ec\/carrera-trabajo-social-anuatse\/wp-json\/wp\/v2\/posts"}],"about":[{"href":"https:\/\/carreras.uleam.edu.ec\/carrera-trabajo-social-anuatse\/wp-json\/wp\/v2\/types\/post"}],"author":[{"embeddable":true,"href":"https:\/\/carreras.uleam.edu.ec\/carrera-trabajo-social-anuatse\/wp-json\/wp\/v2\/users\/7"}],"replies":[{"embeddable":true,"href":"https:\/\/carreras.uleam.edu.ec\/carrera-trabajo-social-anuatse\/wp-json\/wp\/v2\/comments?post=1464"}],"version-history":[{"count":2,"href":"https:\/\/carreras.uleam.edu.ec\/carrera-trabajo-social-anuatse\/wp-json\/wp\/v2\/posts\/1464\/revisions"}],"predecessor-version":[{"id":1466,"href":"https:\/\/carreras.uleam.edu.ec\/carrera-trabajo-social-anuatse\/wp-json\/wp\/v2\/posts\/1464\/revisions\/1466"}],"wp:featuredmedia":[{"embeddable":true,"href":"https:\/\/carreras.uleam.edu.ec\/carrera-trabajo-social-anuatse\/wp-json\/wp\/v2\/media\/1490"}],"wp:attachment":[{"href":"https:\/\/carreras.uleam.edu.ec\/carrera-trabajo-social-anuatse\/wp-json\/wp\/v2\/media?parent=1464"}],"wp:term":[{"taxonomy":"category","embeddable":true,"href":"https:\/\/carreras.uleam.edu.ec\/carrera-trabajo-social-anuatse\/wp-json\/wp\/v2\/categories?post=1464"},{"taxonomy":"post_tag","embeddable":true,"href":"https:\/\/carreras.uleam.edu.ec\/carrera-trabajo-social-anuatse\/wp-json\/wp\/v2\/tags?post=1464"}],"curies":[{"name":"wp","href":"https:\/\/api.w.org\/{rel}","templated":true}]}}