{"id":1467,"date":"2025-05-20T23:00:42","date_gmt":"2025-05-20T21:00:42","guid":{"rendered":"https:\/\/carreras.uleam.edu.ec\/carrera-trabajo-social-anuatse\/?p=1467"},"modified":"2025-05-20T23:01:09","modified_gmt":"2025-05-20T21:01:09","slug":"mg-luis-fernando-muisin-salazar-universidad-tecnica-de-cotopaxi-utc","status":"publish","type":"post","link":"https:\/\/carreras.uleam.edu.ec\/carrera-trabajo-social-anuatse\/2025\/05\/20\/mg-luis-fernando-muisin-salazar-universidad-tecnica-de-cotopaxi-utc\/","title":{"rendered":"Mg. Luis Fernando Muisin Salazar- Universidad T\u00e9cnica de Cotopaxi \u2013 UTC"},"content":{"rendered":"\n<p>Trabajador Social de vocaci\u00f3n y convicci\u00f3n<br>Frase personal: \u00abEl Trabajo Social m\u00e1s que una profesi\u00f3n es una forma de vida\u00bb.<br>Director de Carrera \u00abTrabajo Social\u00bb Universidad T\u00e9cnica de Cotopaxi. Docente<br>Investigador \u2013 Universidad T\u00e9cnica de Cotopaxi. Integrante de Redes Acad\u00e9micas en<br>Latinoam\u00e9rica y Ecuador. Asesor y Consultor Social. Activista Ambiental, Cultural y Pol\u00edtico.<br>Promotor y Defensor de Derechos Ambientales y Humanos. Promotor Cultural.<br>Publicaciones de art\u00edculos acad\u00e9micos, libros y cap\u00edtulos de libros, participaci\u00f3n en<br>congresos nacionales e internacionales, tutor\u00eda de trabajos de titulaci\u00f3n acad\u00e9mica<br>modalidad sistematizaci\u00f3n de experiencias en Trabajo Social.<\/p>\n\n\n\n<p><\/p>\n","protected":false},"excerpt":{"rendered":"<p>Trabajador Social de vocaci\u00f3n y convicci\u00f3nFrase personal: \u00abEl Trabajo Social m\u00e1s que una profesi\u00f3n es una forma de vida\u00bb.Director de Carrera \u00abTrabajo Social\u00bb Universidad T\u00e9cnica de Cotopaxi. DocenteInvestigador \u2013 Universidad T\u00e9cnica de Cotopaxi. Integrante de Redes Acad\u00e9micas enLatinoam\u00e9rica y Ecuador. Asesor y Consultor Social. Activista Ambiental, Cultural y Pol\u00edtico.Promotor y Defensor de Derechos Ambientales y [&hellip;]<\/p>\n","protected":false},"author":7,"featured_media":1263,"comment_status":"open","ping_status":"open","sticky":false,"template":"","format":"standard","meta":{"_acf_changed":false,"footnotes":""},"categories":[21,27],"tags":[],"class_list":["post-1467","post","type-post","status-publish","format-standard","has-post-thumbnail","hentry","category-miembros","category-utc"],"acf":[],"_links":{"self":[{"href":"https:\/\/carreras.uleam.edu.ec\/carrera-trabajo-social-anuatse\/wp-json\/wp\/v2\/posts\/1467","targetHints":{"allow":["GET"]}}],"collection":[{"href":"https:\/\/carreras.uleam.edu.ec\/carrera-trabajo-social-anuatse\/wp-json\/wp\/v2\/posts"}],"about":[{"href":"https:\/\/carreras.uleam.edu.ec\/carrera-trabajo-social-anuatse\/wp-json\/wp\/v2\/types\/post"}],"author":[{"embeddable":true,"href":"https:\/\/carreras.uleam.edu.ec\/carrera-trabajo-social-anuatse\/wp-json\/wp\/v2\/users\/7"}],"replies":[{"embeddable":true,"href":"https:\/\/carreras.uleam.edu.ec\/carrera-trabajo-social-anuatse\/wp-json\/wp\/v2\/comments?post=1467"}],"version-history":[{"count":2,"href":"https:\/\/carreras.uleam.edu.ec\/carrera-trabajo-social-anuatse\/wp-json\/wp\/v2\/posts\/1467\/revisions"}],"predecessor-version":[{"id":1470,"href":"https:\/\/carreras.uleam.edu.ec\/carrera-trabajo-social-anuatse\/wp-json\/wp\/v2\/posts\/1467\/revisions\/1470"}],"wp:featuredmedia":[{"embeddable":true,"href":"https:\/\/carreras.uleam.edu.ec\/carrera-trabajo-social-anuatse\/wp-json\/wp\/v2\/media\/1263"}],"wp:attachment":[{"href":"https:\/\/carreras.uleam.edu.ec\/carrera-trabajo-social-anuatse\/wp-json\/wp\/v2\/media?parent=1467"}],"wp:term":[{"taxonomy":"category","embeddable":true,"href":"https:\/\/carreras.uleam.edu.ec\/carrera-trabajo-social-anuatse\/wp-json\/wp\/v2\/categories?post=1467"},{"taxonomy":"post_tag","embeddable":true,"href":"https:\/\/carreras.uleam.edu.ec\/carrera-trabajo-social-anuatse\/wp-json\/wp\/v2\/tags?post=1467"}],"curies":[{"name":"wp","href":"https:\/\/api.w.org\/{rel}","templated":true}]}}